{"id":1006,"date":"2024-11-25T11:14:45","date_gmt":"2024-11-25T11:14:45","guid":{"rendered":"https:\/\/nagix-ua.com\/consist-participated-in-the-zero-project-conference-in-vienna\/"},"modified":"2025-06-27T06:58:46","modified_gmt":"2025-06-27T06:58:46","slug":"consist-participated-in-the-zero-project-conference-in-vienna","status":"publish","type":"post","link":"https:\/\/nagix-ua.com\/es\/consist-participated-in-the-zero-project-conference-in-vienna\/","title":{"rendered":"Consist particip\u00f3 en la conferencia Zero Project en Viena"},"content":{"rendered":"\t\t<div data-elementor-type=\"wp-post\" data-elementor-id=\"1006\" class=\"elementor elementor-1006 elementor-177\" data-elementor-post-type=\"post\">\n\t\t\t\t<div class=\"elementor-element elementor-element-24717b40 e-flex e-con-boxed e-con e-parent\" data-id=\"24717b40\" data-element_type=\"container\" data-e-type=\"container\">\n\t\t\t\t\t<div class=\"e-con-inner\">\n\t\t\t\t<div class=\"elementor-element elementor-element-3c566ae1 elementor-widget elementor-widget-text-editor\" data-id=\"3c566ae1\" data-element_type=\"widget\" data-e-type=\"widget\" data-widget_type=\"text-editor.default\">\n\t\t\t\t<div class=\"elementor-widget-container\">\n\t\t\t\t\t\t\t\t\t<p>La conferencia Zero Project es un evento global \u00fanico destinado a promover la accesibilidad para personas con discapacidades. Alrededor de 1,000 visitantes de 100 pa\u00edses asistieron a la conferencia anual, que tuvo lugar en las oficinas de las Naciones Unidas en Viena, y m\u00e1s de 10,000 personas participaron en l\u00ednea.<\/p> <p>El equipo de Consist asisti\u00f3 al evento, reuni\u00e9ndose con representantes de decenas de organizaciones de todo el mundo y presentando el avanzado sistema de accesibilidad documental de Consist \u2014 <strong>NAGIX<\/strong> \u2014 que permite a las organizaciones transformar autom\u00e1ticamente grandes cantidades de documentos en PDFs accesibles y conformes con la norma UA y el principio de inclusi\u00f3n en accesibilidad.<\/p> <p>Ofir Grinner, Jefe de la Divisi\u00f3n de Tecnolog\u00edas de Documentos Digitales en Consist, ofreci\u00f3 entrevistas a varios medios especializados en accesibilidad y, junto con Rami Kachlon, gerente de ventas del sistema en Europa, se reuni\u00f3 con decenas de representantes de numerosas organizaciones dedicadas al campo de la accesibilidad.<\/p> <h2>Consist se une a VALUABLE 500 \u2013 la organizaci\u00f3n de accesibilidad liderada por Caroline Casey.<\/h2> <p>Durante la conferencia, los representantes de Consist se reunieron con Caroline Casey, fundadora del proyecto Valuable 500, seleccionada por la revista FORTUNE como \u00abuna de las 50 l\u00edderes m\u00e1s grandes del mundo\u00bb. Caroline es una figura inspiradora, conocida mundialmente por su incansable defensa de los derechos de las personas con discapacidad. Fund\u00f3 la organizaci\u00f3n Valuable 500 con el objetivo de persuadir a 500 de las empresas m\u00e1s grandes del mundo para que hagan de la inclusi\u00f3n de personas con discapacidad una prioridad en sus liderazgos.<\/p> <p>Su iniciativa ha recibido una gran atenci\u00f3n y apoyo, con muchas compa\u00f1\u00edas internacionales que se han unido a la organizaci\u00f3n. En reconocimiento a sus contribuciones, Casey ha recibido numerosos premios y fue nombrada una de las 50 l\u00edderes m\u00e1s grandes del mundo por la revista FORBES. En Consist estamos emocionados de unirnos a la organizaci\u00f3n Valuable 500 de Caroline y contribuir a crear un mundo m\u00e1s accesible a trav\u00e9s de nuestra tecnolog\u00eda de accesibilidad documental.<\/p> <p>Adem\u00e1s, los miembros del equipo de Consist se reunieron con el Sr. Martin Essl, fundador y presidente del comit\u00e9 ZERO PROJECT, y con Robin Tim Weis, gerente de Relaciones Externas del proyecto, agradeci\u00e9ndoles a ellos y a toda la organizaci\u00f3n por un evento inspirador y excelentemente organizado. Tambi\u00e9n discutieron planes para una futura colaboraci\u00f3n fruct\u00edfera entre Consist y ZERO PROJECT para promover la accesibilidad conforme al principio de accesibilidad inclusiva.<\/p> <figure class=\"wp-block-image\"><img decoding=\"async\" src=\"https:\/\/www.consist.co.il\/media\/2297\/%D7%AA%D7%9E%D7%95%D7%A0%D7%94-%D7%A2%D7%9D-%D7%94%D7%A9%D7%A82.jpg\" alt=\"Imagen del evento Consist en Zero Project\" \/><\/figure> <figure class=\"wp-block-image\"><img decoding=\"async\" src=\"https:\/\/www.consist.co.il\/media\/2298\/%D7%90%D7%95%D7%A4%D7%99%D7%A8-%D7%95%D7%A8%D7%9E%D7%992.jpg\" alt=\"En la foto superior: Ofir y Rami con Johannes Rauch, Ministro de Asuntos Sociales, Salud y Protecci\u00f3n al Consumidor de Austria. En la foto del medio, de izquierda a derecha: Ofir y Rami con Martin Essl, fundador de ZERO PROJECT; a la derecha con Robin Tim Weis, Director de Relaciones Internacionales y Proyectos de la organizaci\u00f3n. En la foto inferior: Ofir y Rami con Caroline Casey, fundadora de VALUABLE 500.\" \/><\/figure> <figure class=\"wp-block-image\"><img decoding=\"async\" src=\"https:\/\/www.consist.co.il\/media\/2299\/%D7%A2%D7%9D-%D7%A7%D7%A8%D7%95%D7%9C%D7%99%D7%99%D7%9F-%D7%A7%D7%99%D7%99%D7%A1%D7%99.jpg\" alt=\"Ofir y Rami con Caroline Casey, fundadora de VALUABLE 500\" \/><\/figure> <p>En la foto superior: Ofir y Rami con Johannes Rauch, Ministro de Asuntos Sociales, Salud y Protecci\u00f3n al Consumidor de Austria.<br>En la foto del medio, de izquierda a derecha: Ofir y Rami con Martin Essl, fundador de ZERO PROJECT; a la derecha con Robin Tim Weis, Director de Relaciones Internacionales y Proyectos de la organizaci\u00f3n.<br>En la foto inferior: Ofir y Rami con Caroline Casey, fundadora de VALUABLE 500.<\/p>\t\t\t\t\t\t\t\t<\/div>\n\t\t\t\t<\/div>\n\t\t\t\t\t<\/div>\n\t\t\t\t<\/div>\n\t\t\t\t<\/div>\n\t\t","protected":false},"excerpt":{"rendered":"<p>La conferencia Zero Project es un evento global \u00fanico destinado a promover la accesibilidad para personas con discapacidades. Alrededor de 1,000 visitantes de 100 pa\u00edses asistieron a la conferencia anual, que tuvo lugar en las oficinas de las Naciones Unidas en Viena, y m\u00e1s de 10,000 personas participaron en l\u00ednea. El equipo de Consist asisti\u00f3 [&hellip;]<\/p>\n","protected":false},"author":1,"featured_media":1007,"comment_status":"closed","ping_status":"open","sticky":false,"template":"","format":"standard","meta":{"_eb_attr":"","footnotes":""},"categories":[25],"tags":[],"class_list":["post-1006","post","type-post","status-publish","format-standard","has-post-thumbnail","hentry","category-sin-categorizar"],"yoast_head":"<!-- This site is optimized with the Yoast SEO plugin v24.0 - https:\/\/yoast.com\/wordpress\/plugins\/seo\/ -->\n<title>Consist participated in the Zero Project conference in Vienna | Nagix UA<\/title>\n<meta name=\"robots\" content=\"index, follow, max-snippet:-1, max-image-preview:large, max-video-preview:-1\" \/>\n<link rel=\"canonical\" href=\"https:\/\/nagix-ua.com\/es\/consist-participated-in-the-zero-project-conference-in-vienna\/\" \/>\n<meta property=\"og:locale\" content=\"es_ES\" \/>\n<meta property=\"og:type\" content=\"article\" \/>\n<meta property=\"og:title\" content=\"Consist participated in the Zero Project conference in Vienna | Nagix UA\" \/>\n<meta property=\"og:description\" content=\"La conferencia Zero Project es un evento global \u00fanico destinado a promover la accesibilidad para personas con discapacidades. Alrededor de 1,000 visitantes de 100 pa\u00edses asistieron a la conferencia anual, que tuvo lugar en las oficinas de las Naciones Unidas en Viena, y m\u00e1s de 10,000 personas participaron en l\u00ednea. El equipo de Consist asisti\u00f3 [&hellip;]\" \/>\n<meta property=\"og:url\" content=\"https:\/\/nagix-ua.com\/es\/consist-participated-in-the-zero-project-conference-in-vienna\/\" \/>\n<meta property=\"og:site_name\" content=\"Nagix UA\" \/>\n<meta property=\"article:published_time\" content=\"2024-11-25T11:14:45+00:00\" \/>\n<meta property=\"article:modified_time\" content=\"2025-06-27T06:58:46+00:00\" \/>\n<meta property=\"og:image\" content=\"https:\/\/nagix-ua.com\/wp-content\/uploads\/2024\/11\/blog-1-1.jpg\" \/>\n\t<meta property=\"og:image:width\" content=\"2000\" \/>\n\t<meta property=\"og:image:height\" content=\"550\" \/>\n\t<meta property=\"og:image:type\" content=\"image\/jpeg\" \/>\n<meta name=\"author\" content=\"admin\" \/>\n<meta name=\"twitter:card\" content=\"summary_large_image\" \/>\n<meta name=\"twitter:label1\" content=\"Escrito por\" \/>\n\t<meta name=\"twitter:data1\" content=\"admin\" \/>\n\t<meta name=\"twitter:label2\" content=\"Tiempo de lectura\" \/>\n\t<meta name=\"twitter:data2\" content=\"3 minutos\" \/>\n<script type=\"application\/ld+json\" class=\"yoast-schema-graph\">{\"@context\":\"https:\/\/schema.org\",\"@graph\":[{\"@type\":\"Article\",\"@id\":\"https:\/\/nagix-ua.com\/es\/consist-participated-in-the-zero-project-conference-in-vienna\/#article\",\"isPartOf\":{\"@id\":\"https:\/\/nagix-ua.com\/es\/consist-participated-in-the-zero-project-conference-in-vienna\/\"},\"author\":{\"name\":\"admin\",\"@id\":\"https:\/\/nagix-ua.com\/es\/#\/schema\/person\/ca51a584fbb76999ec3efe0c11626ff4\"},\"headline\":\"Consist particip\u00f3 en la conferencia Zero Project en Viena\",\"datePublished\":\"2024-11-25T11:14:45+00:00\",\"dateModified\":\"2025-06-27T06:58:46+00:00\",\"mainEntityOfPage\":{\"@id\":\"https:\/\/nagix-ua.com\/es\/consist-participated-in-the-zero-project-conference-in-vienna\/\"},\"wordCount\":497,\"publisher\":{\"@id\":\"https:\/\/nagix-ua.com\/es\/#organization\"},\"image\":{\"@id\":\"https:\/\/nagix-ua.com\/es\/consist-participated-in-the-zero-project-conference-in-vienna\/#primaryimage\"},\"thumbnailUrl\":\"https:\/\/nagix-ua.com\/wp-content\/uploads\/2024\/11\/blog-1-1.jpg\",\"articleSection\":[\"Sin categorizar\"],\"inLanguage\":\"es\"},{\"@type\":\"WebPage\",\"@id\":\"https:\/\/nagix-ua.com\/es\/consist-participated-in-the-zero-project-conference-in-vienna\/\",\"url\":\"https:\/\/nagix-ua.com\/es\/consist-participated-in-the-zero-project-conference-in-vienna\/\",\"name\":\"Consist participated in the Zero Project conference in Vienna | Nagix UA\",\"isPartOf\":{\"@id\":\"https:\/\/nagix-ua.com\/es\/#website\"},\"primaryImageOfPage\":{\"@id\":\"https:\/\/nagix-ua.com\/es\/consist-participated-in-the-zero-project-conference-in-vienna\/#primaryimage\"},\"image\":{\"@id\":\"https:\/\/nagix-ua.com\/es\/consist-participated-in-the-zero-project-conference-in-vienna\/#primaryimage\"},\"thumbnailUrl\":\"https:\/\/nagix-ua.com\/wp-content\/uploads\/2024\/11\/blog-1-1.jpg\",\"datePublished\":\"2024-11-25T11:14:45+00:00\",\"dateModified\":\"2025-06-27T06:58:46+00:00\",\"breadcrumb\":{\"@id\":\"https:\/\/nagix-ua.com\/es\/consist-participated-in-the-zero-project-conference-in-vienna\/#breadcrumb\"},\"inLanguage\":\"es\",\"potentialAction\":[{\"@type\":\"ReadAction\",\"target\":[\"https:\/\/nagix-ua.com\/es\/consist-participated-in-the-zero-project-conference-in-vienna\/\"]}]},{\"@type\":\"ImageObject\",\"inLanguage\":\"es\",\"@id\":\"https:\/\/nagix-ua.com\/es\/consist-participated-in-the-zero-project-conference-in-vienna\/#primaryimage\",\"url\":\"https:\/\/nagix-ua.com\/wp-content\/uploads\/2024\/11\/blog-1-1.jpg\",\"contentUrl\":\"https:\/\/nagix-ua.com\/wp-content\/uploads\/2024\/11\/blog-1-1.jpg\",\"width\":2000,\"height\":550},{\"@type\":\"BreadcrumbList\",\"@id\":\"https:\/\/nagix-ua.com\/es\/consist-participated-in-the-zero-project-conference-in-vienna\/#breadcrumb\",\"itemListElement\":[{\"@type\":\"ListItem\",\"position\":1,\"name\":\"Home\",\"item\":\"https:\/\/nagix-ua.com\/es\/\"},{\"@type\":\"ListItem\",\"position\":2,\"name\":\"Consist particip\u00f3 en la conferencia Zero Project en Viena\"}]},{\"@type\":\"WebSite\",\"@id\":\"https:\/\/nagix-ua.com\/es\/#website\",\"url\":\"https:\/\/nagix-ua.com\/es\/\",\"name\":\"Nagix UA\",\"description\":\"\",\"publisher\":{\"@id\":\"https:\/\/nagix-ua.com\/es\/#organization\"},\"potentialAction\":[{\"@type\":\"SearchAction\",\"target\":{\"@type\":\"EntryPoint\",\"urlTemplate\":\"https:\/\/nagix-ua.com\/es\/?s={search_term_string}\"},\"query-input\":{\"@type\":\"PropertyValueSpecification\",\"valueRequired\":true,\"valueName\":\"search_term_string\"}}],\"inLanguage\":\"es\"},{\"@type\":\"Organization\",\"@id\":\"https:\/\/nagix-ua.com\/es\/#organization\",\"name\":\"Nagix UA\",\"url\":\"https:\/\/nagix-ua.com\/es\/\",\"logo\":{\"@type\":\"ImageObject\",\"inLanguage\":\"es\",\"@id\":\"https:\/\/nagix-ua.com\/es\/#\/schema\/logo\/image\/\",\"url\":\"https:\/\/nagix-ua.com\/wp-content\/uploads\/2024\/11\/NAGIX-Document-Accessibilty-System-Logo-1.png\",\"contentUrl\":\"https:\/\/nagix-ua.com\/wp-content\/uploads\/2024\/11\/NAGIX-Document-Accessibilty-System-Logo-1.png\",\"width\":1198,\"height\":370,\"caption\":\"Nagix UA\"},\"image\":{\"@id\":\"https:\/\/nagix-ua.com\/es\/#\/schema\/logo\/image\/\"}},{\"@type\":\"Person\",\"@id\":\"https:\/\/nagix-ua.com\/es\/#\/schema\/person\/ca51a584fbb76999ec3efe0c11626ff4\",\"name\":\"admin\",\"image\":{\"@type\":\"ImageObject\",\"inLanguage\":\"es\",\"@id\":\"https:\/\/nagix-ua.com\/es\/#\/schema\/person\/image\/\",\"url\":\"https:\/\/secure.gravatar.com\/avatar\/d2d8e14e22560cc82adac7c86996f4c575278b2765f935e4f2193cb0ae1916c2?s=96&d=mm&r=g\",\"contentUrl\":\"https:\/\/secure.gravatar.com\/avatar\/d2d8e14e22560cc82adac7c86996f4c575278b2765f935e4f2193cb0ae1916c2?s=96&d=mm&r=g\",\"caption\":\"admin\"},\"sameAs\":[\"https:\/\/nagix-ua.com\"],\"url\":\"https:\/\/nagix-ua.com\/es\/author\/naggixyahu\/\"}]}<\/script>\n<!-- \/ Yoast SEO plugin. -->","yoast_head_json":{"title":"Consist participated in the Zero Project conference in Vienna | Nagix UA","robots":{"index":"index","follow":"follow","max-snippet":"max-snippet:-1","max-image-preview":"max-image-preview:large","max-video-preview":"max-video-preview:-1"},"canonical":"https:\/\/nagix-ua.com\/es\/consist-participated-in-the-zero-project-conference-in-vienna\/","og_locale":"es_ES","og_type":"article","og_title":"Consist participated in the Zero Project conference in Vienna | Nagix UA","og_description":"La conferencia Zero Project es un evento global \u00fanico destinado a promover la accesibilidad para personas con discapacidades. Alrededor de 1,000 visitantes de 100 pa\u00edses asistieron a la conferencia anual, que tuvo lugar en las oficinas de las Naciones Unidas en Viena, y m\u00e1s de 10,000 personas participaron en l\u00ednea. El equipo de Consist asisti\u00f3 [&hellip;]","og_url":"https:\/\/nagix-ua.com\/es\/consist-participated-in-the-zero-project-conference-in-vienna\/","og_site_name":"Nagix UA","article_published_time":"2024-11-25T11:14:45+00:00","article_modified_time":"2025-06-27T06:58:46+00:00","og_image":[{"width":2000,"height":550,"url":"https:\/\/nagix-ua.com\/wp-content\/uploads\/2024\/11\/blog-1-1.jpg","type":"image\/jpeg"}],"author":"admin","twitter_card":"summary_large_image","twitter_misc":{"Escrito por":"admin","Tiempo de lectura":"3 minutos"},"schema":{"@context":"https:\/\/schema.org","@graph":[{"@type":"Article","@id":"https:\/\/nagix-ua.com\/es\/consist-participated-in-the-zero-project-conference-in-vienna\/#article","isPartOf":{"@id":"https:\/\/nagix-ua.com\/es\/consist-participated-in-the-zero-project-conference-in-vienna\/"},"author":{"name":"admin","@id":"https:\/\/nagix-ua.com\/es\/#\/schema\/person\/ca51a584fbb76999ec3efe0c11626ff4"},"headline":"Consist particip\u00f3 en la conferencia Zero Project en Viena","datePublished":"2024-11-25T11:14:45+00:00","dateModified":"2025-06-27T06:58:46+00:00","mainEntityOfPage":{"@id":"https:\/\/nagix-ua.com\/es\/consist-participated-in-the-zero-project-conference-in-vienna\/"},"wordCount":497,"publisher":{"@id":"https:\/\/nagix-ua.com\/es\/#organization"},"image":{"@id":"https:\/\/nagix-ua.com\/es\/consist-participated-in-the-zero-project-conference-in-vienna\/#primaryimage"},"thumbnailUrl":"https:\/\/nagix-ua.com\/wp-content\/uploads\/2024\/11\/blog-1-1.jpg","articleSection":["Sin categorizar"],"inLanguage":"es"},{"@type":"WebPage","@id":"https:\/\/nagix-ua.com\/es\/consist-participated-in-the-zero-project-conference-in-vienna\/","url":"https:\/\/nagix-ua.com\/es\/consist-participated-in-the-zero-project-conference-in-vienna\/","name":"Consist participated in the Zero Project conference in Vienna | Nagix UA","isPartOf":{"@id":"https:\/\/nagix-ua.com\/es\/#website"},"primaryImageOfPage":{"@id":"https:\/\/nagix-ua.com\/es\/consist-participated-in-the-zero-project-conference-in-vienna\/#primaryimage"},"image":{"@id":"https:\/\/nagix-ua.com\/es\/consist-participated-in-the-zero-project-conference-in-vienna\/#primaryimage"},"thumbnailUrl":"https:\/\/nagix-ua.com\/wp-content\/uploads\/2024\/11\/blog-1-1.jpg","datePublished":"2024-11-25T11:14:45+00:00","dateModified":"2025-06-27T06:58:46+00:00","breadcrumb":{"@id":"https:\/\/nagix-ua.com\/es\/consist-participated-in-the-zero-project-conference-in-vienna\/#breadcrumb"},"inLanguage":"es","potentialAction":[{"@type":"ReadAction","target":["https:\/\/nagix-ua.com\/es\/consist-participated-in-the-zero-project-conference-in-vienna\/"]}]},{"@type":"ImageObject","inLanguage":"es","@id":"https:\/\/nagix-ua.com\/es\/consist-participated-in-the-zero-project-conference-in-vienna\/#primaryimage","url":"https:\/\/nagix-ua.com\/wp-content\/uploads\/2024\/11\/blog-1-1.jpg","contentUrl":"https:\/\/nagix-ua.com\/wp-content\/uploads\/2024\/11\/blog-1-1.jpg","width":2000,"height":550},{"@type":"BreadcrumbList","@id":"https:\/\/nagix-ua.com\/es\/consist-participated-in-the-zero-project-conference-in-vienna\/#breadcrumb","itemListElement":[{"@type":"ListItem","position":1,"name":"Home","item":"https:\/\/nagix-ua.com\/es\/"},{"@type":"ListItem","position":2,"name":"Consist particip\u00f3 en la conferencia Zero Project en Viena"}]},{"@type":"WebSite","@id":"https:\/\/nagix-ua.com\/es\/#website","url":"https:\/\/nagix-ua.com\/es\/","name":"Nagix UA","description":"","publisher":{"@id":"https:\/\/nagix-ua.com\/es\/#organization"},"potentialAction":[{"@type":"SearchAction","target":{"@type":"EntryPoint","urlTemplate":"https:\/\/nagix-ua.com\/es\/?s={search_term_string}"},"query-input":{"@type":"PropertyValueSpecification","valueRequired":true,"valueName":"search_term_string"}}],"inLanguage":"es"},{"@type":"Organization","@id":"https:\/\/nagix-ua.com\/es\/#organization","name":"Nagix UA","url":"https:\/\/nagix-ua.com\/es\/","logo":{"@type":"ImageObject","inLanguage":"es","@id":"https:\/\/nagix-ua.com\/es\/#\/schema\/logo\/image\/","url":"https:\/\/nagix-ua.com\/wp-content\/uploads\/2024\/11\/NAGIX-Document-Accessibilty-System-Logo-1.png","contentUrl":"https:\/\/nagix-ua.com\/wp-content\/uploads\/2024\/11\/NAGIX-Document-Accessibilty-System-Logo-1.png","width":1198,"height":370,"caption":"Nagix UA"},"image":{"@id":"https:\/\/nagix-ua.com\/es\/#\/schema\/logo\/image\/"}},{"@type":"Person","@id":"https:\/\/nagix-ua.com\/es\/#\/schema\/person\/ca51a584fbb76999ec3efe0c11626ff4","name":"admin","image":{"@type":"ImageObject","inLanguage":"es","@id":"https:\/\/nagix-ua.com\/es\/#\/schema\/person\/image\/","url":"https:\/\/secure.gravatar.com\/avatar\/d2d8e14e22560cc82adac7c86996f4c575278b2765f935e4f2193cb0ae1916c2?s=96&d=mm&r=g","contentUrl":"https:\/\/secure.gravatar.com\/avatar\/d2d8e14e22560cc82adac7c86996f4c575278b2765f935e4f2193cb0ae1916c2?s=96&d=mm&r=g","caption":"admin"},"sameAs":["https:\/\/nagix-ua.com"],"url":"https:\/\/nagix-ua.com\/es\/author\/naggixyahu\/"}]}},"_links":{"self":[{"href":"https:\/\/nagix-ua.com\/es\/wp-json\/wp\/v2\/posts\/1006","targetHints":{"allow":["GET"]}}],"collection":[{"href":"https:\/\/nagix-ua.com\/es\/wp-json\/wp\/v2\/posts"}],"about":[{"href":"https:\/\/nagix-ua.com\/es\/wp-json\/wp\/v2\/types\/post"}],"author":[{"embeddable":true,"href":"https:\/\/nagix-ua.com\/es\/wp-json\/wp\/v2\/users\/1"}],"replies":[{"embeddable":true,"href":"https:\/\/nagix-ua.com\/es\/wp-json\/wp\/v2\/comments?post=1006"}],"version-history":[{"count":4,"href":"https:\/\/nagix-ua.com\/es\/wp-json\/wp\/v2\/posts\/1006\/revisions"}],"predecessor-version":[{"id":1063,"href":"https:\/\/nagix-ua.com\/es\/wp-json\/wp\/v2\/posts\/1006\/revisions\/1063"}],"wp:featuredmedia":[{"embeddable":true,"href":"https:\/\/nagix-ua.com\/es\/wp-json\/wp\/v2\/media\/1007"}],"wp:attachment":[{"href":"https:\/\/nagix-ua.com\/es\/wp-json\/wp\/v2\/media?parent=1006"}],"wp:term":[{"taxonomy":"category","embeddable":true,"href":"https:\/\/nagix-ua.com\/es\/wp-json\/wp\/v2\/categories?post=1006"},{"taxonomy":"post_tag","embeddable":true,"href":"https:\/\/nagix-ua.com\/es\/wp-json\/wp\/v2\/tags?post=1006"}],"curies":[{"name":"wp","href":"https:\/\/api.w.org\/{rel}","templated":true}]}}